{"id":961,"date":"2024-03-28T11:43:32","date_gmt":"2024-03-28T09:43:32","guid":{"rendered":"https:\/\/munskankarna.org\/joensuu\/?p=961"},"modified":"2024-03-28T11:45:13","modified_gmt":"2024-03-28T09:45:13","slug":"joensuun-munskan-25-vuotiskokous-ja-juhlatasting","status":"publish","type":"post","link":"https:\/\/munskankarna.org\/joensuu\/2024\/03\/28\/joensuun-munskan-25-vuotiskokous-ja-juhlatasting\/","title":{"rendered":"Joensuun Munskan 25 -vuotiskokous ja juhlatasting"},"content":{"rendered":"\n<p>7.3.2024 pidettiin Joensuun Munskan <strong>25 -vuotisvuosikokous<\/strong> juhlatastingin merkeiss\u00e4. Kokouksen aluksi jaettiin viiniseuran <strong>perustajaj\u00e4senille<\/strong> tastevin-nauhat 25 v. <\/p>\n\n\n\n<p>Tastingin teemana oli <strong>viinin ik\u00e4\u00e4ntyminen<\/strong> ja maisteltavana oli ik\u00e4\u00e4ntyneit\u00e4 viinej\u00e4 eri puolilta Eurooppaa; huippuviinin\u00e4 portugalilainen vuosikertaportviini viiniseuran perustamisvuoden 1999 kes\u00e4n sadosta.<\/p>\n\n\n\n<p><\/p>\n\n\n\n<figure class=\"wp-block-image size-full\"><a href=\"https:\/\/munskankarna.org\/joensuu\/wp-content\/uploads\/sites\/5\/2024\/03\/vuosikokousviinit_ikaantyneet.jpg\"><img loading=\"lazy\" decoding=\"async\" width=\"800\" height=\"508\" src=\"https:\/\/munskankarna.org\/joensuu\/wp-content\/uploads\/sites\/5\/2024\/03\/vuosikokousviinit_ikaantyneet.jpg\" alt=\"Ik\u00e4\u00e4ntyneet tastingviinit\" class=\"wp-image-964\" srcset=\"https:\/\/munskankarna.org\/joensuu\/wp-content\/uploads\/sites\/5\/2024\/03\/vuosikokousviinit_ikaantyneet.jpg 800w, https:\/\/munskankarna.org\/joensuu\/wp-content\/uploads\/sites\/5\/2024\/03\/vuosikokousviinit_ikaantyneet-300x191.jpg 300w, https:\/\/munskankarna.org\/joensuu\/wp-content\/uploads\/sites\/5\/2024\/03\/vuosikokousviinit_ikaantyneet-768x488.jpg 768w, https:\/\/munskankarna.org\/joensuu\/wp-content\/uploads\/sites\/5\/2024\/03\/vuosikokousviinit_ikaantyneet-624x396.jpg 624w\" sizes=\"auto, (max-width: 800px) 100vw, 800px\" \/><\/a><\/figure>\n\n\n\n<div style=\"height:22px\" aria-hidden=\"true\" class=\"wp-block-spacer\"><\/div>\n\n\n\n<p><strong>Tastingviinit vasemmalta oikealle:<\/strong><\/p>\n\n\n\n<ol class=\"wp-block-list\">\n<li>Samppanja Robert de Pampignac Champagne Brut (Ranska, Champagne)<\/li>\n\n\n\n<li>Valkoviini Ch\u00e2teau Puygueraud Blanc 2016 (Ranska, Bordeaux)<\/li>\n\n\n\n<li>Valkoviini Peter Nicolay Brauneberger Juffer Riesling Sp\u00e4tlese 2002 (Saksa, Mosel)<\/li>\n\n\n\n<li>Punaviini Ch\u00e2teau Fontesteau 2014 (Ranska, Bordeaux)<\/li>\n\n\n\n<li>Punaviini Ch\u00e2teau Maurac 2004 (Ranska, Bordeaux)<\/li>\n\n\n\n<li>Portviini (Tawny Port) Dalva Colheita 1999 (Portugali, Douro)<\/li>\n<\/ol>\n\n\n\n<p>Suurimman suosion tastingiin osallistuneilta sai portviini Dalva Colheita 1999.<\/p>\n\n\n\n<p><\/p>\n\n\n\n<hr class=\"wp-block-separator has-alpha-channel-opacity is-style-wide\" \/>\n","protected":false},"excerpt":{"rendered":"<p>7.3.2024 pidettiin Joensuun Munskan 25 -vuotisvuosikokous juhlatastingin merkeiss\u00e4. Kokouksen aluksi jaettiin viiniseuran perustajaj\u00e4senille tastevin-nauhat 25 v. <\/p>\n","protected":false},"author":23,"featured_media":963,"comment_status":"open","ping_status":"","sticky":false,"template":"","format":"standard","meta":{"_monsterinsights_skip_tracking":false,"_monsterinsights_sitenote_active":false,"_monsterinsights_sitenote_note":"","_monsterinsights_sitenote_category":0,"footnotes":""},"categories":[8],"tags":[93,17,95,31,9,14,10,94,43],"class_list":["post-961","post","type-post","status-publish","format-standard","has-post-thumbnail","hentry","category-tastingit","tag-ikaantynyt-viini","tag-joensuun-viiniseura-munskankarna","tag-juhlatasting","tag-portviini","tag-punaviini","tag-samppanja","tag-valkoviini","tag-vanhat-vuosikerrat","tag-vuosikokous"],"yoast_head":"<!-- This site is optimized with the Yoast SEO plugin v27.3 - https:\/\/yoast.com\/product\/yoast-seo-wordpress\/ -->\n<title>Joensuun Munskan 25 -vuotiskokous ja juhlatasting - Joensuun Munsk\u00e4nkarna<\/title>\n<meta name=\"robots\" content=\"index, follow, max-snippet:-1, max-image-preview:large, max-video-preview:-1\" \/>\n<link rel=\"canonical\" href=\"https:\/\/munskankarna.org\/joensuu\/2024\/03\/28\/joensuun-munskan-25-vuotiskokous-ja-juhlatasting\/\" \/>\n<meta property=\"og:locale\" content=\"fi_FI\" \/>\n<meta property=\"og:type\" content=\"article\" \/>\n<meta property=\"og:title\" content=\"Joensuun Munskan 25 -vuotiskokous ja juhlatasting - Joensuun Munsk\u00e4nkarna\" \/>\n<meta property=\"og:description\" content=\"7.3.2024 pidettiin Joensuun Munskan 25 -vuotisvuosikokous juhlatastingin merkeiss\u00e4. Kokouksen aluksi jaettiin viiniseuran perustajaj\u00e4senille tastevin-nauhat 25 v.\" \/>\n<meta property=\"og:url\" content=\"https:\/\/munskankarna.org\/joensuu\/2024\/03\/28\/joensuun-munskan-25-vuotiskokous-ja-juhlatasting\/\" \/>\n<meta property=\"og:site_name\" content=\"Joensuun Munsk\u00e4nkarna\" \/>\n<meta property=\"article:published_time\" content=\"2024-03-28T09:43:32+00:00\" \/>\n<meta property=\"article:modified_time\" content=\"2024-03-28T09:45:13+00:00\" \/>\n<meta property=\"og:image\" content=\"https:\/\/munskankarna.org\/joensuu\/wp-content\/uploads\/sites\/5\/2024\/03\/esitys_viinin-vanheneminen.jpg\" \/>\n\t<meta property=\"og:image:width\" content=\"1200\" \/>\n\t<meta property=\"og:image:height\" content=\"1001\" \/>\n\t<meta property=\"og:image:type\" content=\"image\/jpeg\" \/>\n<meta name=\"author\" content=\"sirpatiensuu\" \/>\n<meta name=\"twitter:card\" content=\"summary_large_image\" \/>\n<meta name=\"twitter:label1\" content=\"Kirjoittanut\" \/>\n\t<meta name=\"twitter:data1\" content=\"sirpatiensuu\" \/>\n<script type=\"application\/ld+json\" class=\"yoast-schema-graph\">{\"@context\":\"https:\\\/\\\/schema.org\",\"@graph\":[{\"@type\":\"Article\",\"@id\":\"https:\\\/\\\/munskankarna.org\\\/joensuu\\\/2024\\\/03\\\/28\\\/joensuun-munskan-25-vuotiskokous-ja-juhlatasting\\\/#article\",\"isPartOf\":{\"@id\":\"https:\\\/\\\/munskankarna.org\\\/joensuu\\\/2024\\\/03\\\/28\\\/joensuun-munskan-25-vuotiskokous-ja-juhlatasting\\\/\"},\"author\":{\"name\":\"sirpatiensuu\",\"@id\":\"https:\\\/\\\/munskankarna.org\\\/joensuu\\\/#\\\/schema\\\/person\\\/d05fa63ba2d1d7001facb3007a8f6f1f\"},\"headline\":\"Joensuun Munskan 25 -vuotiskokous ja juhlatasting\",\"datePublished\":\"2024-03-28T09:43:32+00:00\",\"dateModified\":\"2024-03-28T09:45:13+00:00\",\"mainEntityOfPage\":{\"@id\":\"https:\\\/\\\/munskankarna.org\\\/joensuu\\\/2024\\\/03\\\/28\\\/joensuun-munskan-25-vuotiskokous-ja-juhlatasting\\\/\"},\"wordCount\":97,\"commentCount\":0,\"image\":{\"@id\":\"https:\\\/\\\/munskankarna.org\\\/joensuu\\\/2024\\\/03\\\/28\\\/joensuun-munskan-25-vuotiskokous-ja-juhlatasting\\\/#primaryimage\"},\"thumbnailUrl\":\"https:\\\/\\\/munskankarna.org\\\/joensuu\\\/wp-content\\\/uploads\\\/sites\\\/5\\\/2024\\\/03\\\/esitys_viinin-vanheneminen.jpg\",\"keywords\":[\"ik\u00e4\u00e4ntynyt viini\",\"Joensuun viiniseura Munsk\u00e4nkarna\",\"juhlatasting\",\"portviini\",\"punaviini\",\"samppanja\",\"valkoviini\",\"vanhat vuosikerrat\",\"Vuosikokous\"],\"articleSection\":[\"Tastingit\"],\"inLanguage\":\"fi\",\"potentialAction\":[{\"@type\":\"CommentAction\",\"name\":\"Comment\",\"target\":[\"https:\\\/\\\/munskankarna.org\\\/joensuu\\\/2024\\\/03\\\/28\\\/joensuun-munskan-25-vuotiskokous-ja-juhlatasting\\\/#respond\"]}]},{\"@type\":\"WebPage\",\"@id\":\"https:\\\/\\\/munskankarna.org\\\/joensuu\\\/2024\\\/03\\\/28\\\/joensuun-munskan-25-vuotiskokous-ja-juhlatasting\\\/\",\"url\":\"https:\\\/\\\/munskankarna.org\\\/joensuu\\\/2024\\\/03\\\/28\\\/joensuun-munskan-25-vuotiskokous-ja-juhlatasting\\\/\",\"name\":\"Joensuun Munskan 25 -vuotiskokous ja juhlatasting - Joensuun Munsk\u00e4nkarna\",\"isPartOf\":{\"@id\":\"https:\\\/\\\/munskankarna.org\\\/joensuu\\\/#website\"},\"primaryImageOfPage\":{\"@id\":\"https:\\\/\\\/munskankarna.org\\\/joensuu\\\/2024\\\/03\\\/28\\\/joensuun-munskan-25-vuotiskokous-ja-juhlatasting\\\/#primaryimage\"},\"image\":{\"@id\":\"https:\\\/\\\/munskankarna.org\\\/joensuu\\\/2024\\\/03\\\/28\\\/joensuun-munskan-25-vuotiskokous-ja-juhlatasting\\\/#primaryimage\"},\"thumbnailUrl\":\"https:\\\/\\\/munskankarna.org\\\/joensuu\\\/wp-content\\\/uploads\\\/sites\\\/5\\\/2024\\\/03\\\/esitys_viinin-vanheneminen.jpg\",\"datePublished\":\"2024-03-28T09:43:32+00:00\",\"dateModified\":\"2024-03-28T09:45:13+00:00\",\"author\":{\"@id\":\"https:\\\/\\\/munskankarna.org\\\/joensuu\\\/#\\\/schema\\\/person\\\/d05fa63ba2d1d7001facb3007a8f6f1f\"},\"breadcrumb\":{\"@id\":\"https:\\\/\\\/munskankarna.org\\\/joensuu\\\/2024\\\/03\\\/28\\\/joensuun-munskan-25-vuotiskokous-ja-juhlatasting\\\/#breadcrumb\"},\"inLanguage\":\"fi\",\"potentialAction\":[{\"@type\":\"ReadAction\",\"target\":[\"https:\\\/\\\/munskankarna.org\\\/joensuu\\\/2024\\\/03\\\/28\\\/joensuun-munskan-25-vuotiskokous-ja-juhlatasting\\\/\"]}]},{\"@type\":\"ImageObject\",\"inLanguage\":\"fi\",\"@id\":\"https:\\\/\\\/munskankarna.org\\\/joensuu\\\/2024\\\/03\\\/28\\\/joensuun-munskan-25-vuotiskokous-ja-juhlatasting\\\/#primaryimage\",\"url\":\"https:\\\/\\\/munskankarna.org\\\/joensuu\\\/wp-content\\\/uploads\\\/sites\\\/5\\\/2024\\\/03\\\/esitys_viinin-vanheneminen.jpg\",\"contentUrl\":\"https:\\\/\\\/munskankarna.org\\\/joensuu\\\/wp-content\\\/uploads\\\/sites\\\/5\\\/2024\\\/03\\\/esitys_viinin-vanheneminen.jpg\",\"width\":1200,\"height\":1001,\"caption\":\"Juhlakokous ja tasting 7.3.2024\"},{\"@type\":\"BreadcrumbList\",\"@id\":\"https:\\\/\\\/munskankarna.org\\\/joensuu\\\/2024\\\/03\\\/28\\\/joensuun-munskan-25-vuotiskokous-ja-juhlatasting\\\/#breadcrumb\",\"itemListElement\":[{\"@type\":\"ListItem\",\"position\":1,\"name\":\"Home\",\"item\":\"https:\\\/\\\/munskankarna.org\\\/joensuu\\\/\"},{\"@type\":\"ListItem\",\"position\":2,\"name\":\"Joensuun Munskan 25 -vuotiskokous ja juhlatasting\"}]},{\"@type\":\"WebSite\",\"@id\":\"https:\\\/\\\/munskankarna.org\\\/joensuu\\\/#website\",\"url\":\"https:\\\/\\\/munskankarna.org\\\/joensuu\\\/\",\"name\":\"Joensuun Munsk\u00e4nkarna\",\"description\":\"Tutustu viinien maailmaan ja viinien yhdist\u00e4miseen ruoan kanssa\",\"potentialAction\":[{\"@type\":\"SearchAction\",\"target\":{\"@type\":\"EntryPoint\",\"urlTemplate\":\"https:\\\/\\\/munskankarna.org\\\/joensuu\\\/?s={search_term_string}\"},\"query-input\":{\"@type\":\"PropertyValueSpecification\",\"valueRequired\":true,\"valueName\":\"search_term_string\"}}],\"inLanguage\":\"fi\"},{\"@type\":\"Person\",\"@id\":\"https:\\\/\\\/munskankarna.org\\\/joensuu\\\/#\\\/schema\\\/person\\\/d05fa63ba2d1d7001facb3007a8f6f1f\",\"name\":\"sirpatiensuu\",\"image\":{\"@type\":\"ImageObject\",\"inLanguage\":\"fi\",\"@id\":\"https:\\\/\\\/secure.gravatar.com\\\/avatar\\\/0b539a7123fc9dd8a2161d782489bff3566b0c258f72259f66b71968dcd1a3ca?s=96&d=mm&r=g\",\"url\":\"https:\\\/\\\/secure.gravatar.com\\\/avatar\\\/0b539a7123fc9dd8a2161d782489bff3566b0c258f72259f66b71968dcd1a3ca?s=96&d=mm&r=g\",\"contentUrl\":\"https:\\\/\\\/secure.gravatar.com\\\/avatar\\\/0b539a7123fc9dd8a2161d782489bff3566b0c258f72259f66b71968dcd1a3ca?s=96&d=mm&r=g\",\"caption\":\"sirpatiensuu\"},\"url\":\"https:\\\/\\\/munskankarna.org\\\/joensuu\\\/author\\\/sirpatiensuu\\\/\"}]}<\/script>\n<!-- \/ Yoast SEO plugin. -->","yoast_head_json":{"title":"Joensuun Munskan 25 -vuotiskokous ja juhlatasting - Joensuun Munsk\u00e4nkarna","robots":{"index":"index","follow":"follow","max-snippet":"max-snippet:-1","max-image-preview":"max-image-preview:large","max-video-preview":"max-video-preview:-1"},"canonical":"https:\/\/munskankarna.org\/joensuu\/2024\/03\/28\/joensuun-munskan-25-vuotiskokous-ja-juhlatasting\/","og_locale":"fi_FI","og_type":"article","og_title":"Joensuun Munskan 25 -vuotiskokous ja juhlatasting - Joensuun Munsk\u00e4nkarna","og_description":"7.3.2024 pidettiin Joensuun Munskan 25 -vuotisvuosikokous juhlatastingin merkeiss\u00e4. Kokouksen aluksi jaettiin viiniseuran perustajaj\u00e4senille tastevin-nauhat 25 v.","og_url":"https:\/\/munskankarna.org\/joensuu\/2024\/03\/28\/joensuun-munskan-25-vuotiskokous-ja-juhlatasting\/","og_site_name":"Joensuun Munsk\u00e4nkarna","article_published_time":"2024-03-28T09:43:32+00:00","article_modified_time":"2024-03-28T09:45:13+00:00","og_image":[{"width":1200,"height":1001,"url":"https:\/\/munskankarna.org\/joensuu\/wp-content\/uploads\/sites\/5\/2024\/03\/esitys_viinin-vanheneminen.jpg","type":"image\/jpeg"}],"author":"sirpatiensuu","twitter_card":"summary_large_image","twitter_misc":{"Kirjoittanut":"sirpatiensuu"},"schema":{"@context":"https:\/\/schema.org","@graph":[{"@type":"Article","@id":"https:\/\/munskankarna.org\/joensuu\/2024\/03\/28\/joensuun-munskan-25-vuotiskokous-ja-juhlatasting\/#article","isPartOf":{"@id":"https:\/\/munskankarna.org\/joensuu\/2024\/03\/28\/joensuun-munskan-25-vuotiskokous-ja-juhlatasting\/"},"author":{"name":"sirpatiensuu","@id":"https:\/\/munskankarna.org\/joensuu\/#\/schema\/person\/d05fa63ba2d1d7001facb3007a8f6f1f"},"headline":"Joensuun Munskan 25 -vuotiskokous ja juhlatasting","datePublished":"2024-03-28T09:43:32+00:00","dateModified":"2024-03-28T09:45:13+00:00","mainEntityOfPage":{"@id":"https:\/\/munskankarna.org\/joensuu\/2024\/03\/28\/joensuun-munskan-25-vuotiskokous-ja-juhlatasting\/"},"wordCount":97,"commentCount":0,"image":{"@id":"https:\/\/munskankarna.org\/joensuu\/2024\/03\/28\/joensuun-munskan-25-vuotiskokous-ja-juhlatasting\/#primaryimage"},"thumbnailUrl":"https:\/\/munskankarna.org\/joensuu\/wp-content\/uploads\/sites\/5\/2024\/03\/esitys_viinin-vanheneminen.jpg","keywords":["ik\u00e4\u00e4ntynyt viini","Joensuun viiniseura Munsk\u00e4nkarna","juhlatasting","portviini","punaviini","samppanja","valkoviini","vanhat vuosikerrat","Vuosikokous"],"articleSection":["Tastingit"],"inLanguage":"fi","potentialAction":[{"@type":"CommentAction","name":"Comment","target":["https:\/\/munskankarna.org\/joensuu\/2024\/03\/28\/joensuun-munskan-25-vuotiskokous-ja-juhlatasting\/#respond"]}]},{"@type":"WebPage","@id":"https:\/\/munskankarna.org\/joensuu\/2024\/03\/28\/joensuun-munskan-25-vuotiskokous-ja-juhlatasting\/","url":"https:\/\/munskankarna.org\/joensuu\/2024\/03\/28\/joensuun-munskan-25-vuotiskokous-ja-juhlatasting\/","name":"Joensuun Munskan 25 -vuotiskokous ja juhlatasting - Joensuun Munsk\u00e4nkarna","isPartOf":{"@id":"https:\/\/munskankarna.org\/joensuu\/#website"},"primaryImageOfPage":{"@id":"https:\/\/munskankarna.org\/joensuu\/2024\/03\/28\/joensuun-munskan-25-vuotiskokous-ja-juhlatasting\/#primaryimage"},"image":{"@id":"https:\/\/munskankarna.org\/joensuu\/2024\/03\/28\/joensuun-munskan-25-vuotiskokous-ja-juhlatasting\/#primaryimage"},"thumbnailUrl":"https:\/\/munskankarna.org\/joensuu\/wp-content\/uploads\/sites\/5\/2024\/03\/esitys_viinin-vanheneminen.jpg","datePublished":"2024-03-28T09:43:32+00:00","dateModified":"2024-03-28T09:45:13+00:00","author":{"@id":"https:\/\/munskankarna.org\/joensuu\/#\/schema\/person\/d05fa63ba2d1d7001facb3007a8f6f1f"},"breadcrumb":{"@id":"https:\/\/munskankarna.org\/joensuu\/2024\/03\/28\/joensuun-munskan-25-vuotiskokous-ja-juhlatasting\/#breadcrumb"},"inLanguage":"fi","potentialAction":[{"@type":"ReadAction","target":["https:\/\/munskankarna.org\/joensuu\/2024\/03\/28\/joensuun-munskan-25-vuotiskokous-ja-juhlatasting\/"]}]},{"@type":"ImageObject","inLanguage":"fi","@id":"https:\/\/munskankarna.org\/joensuu\/2024\/03\/28\/joensuun-munskan-25-vuotiskokous-ja-juhlatasting\/#primaryimage","url":"https:\/\/munskankarna.org\/joensuu\/wp-content\/uploads\/sites\/5\/2024\/03\/esitys_viinin-vanheneminen.jpg","contentUrl":"https:\/\/munskankarna.org\/joensuu\/wp-content\/uploads\/sites\/5\/2024\/03\/esitys_viinin-vanheneminen.jpg","width":1200,"height":1001,"caption":"Juhlakokous ja tasting 7.3.2024"},{"@type":"BreadcrumbList","@id":"https:\/\/munskankarna.org\/joensuu\/2024\/03\/28\/joensuun-munskan-25-vuotiskokous-ja-juhlatasting\/#breadcrumb","itemListElement":[{"@type":"ListItem","position":1,"name":"Home","item":"https:\/\/munskankarna.org\/joensuu\/"},{"@type":"ListItem","position":2,"name":"Joensuun Munskan 25 -vuotiskokous ja juhlatasting"}]},{"@type":"WebSite","@id":"https:\/\/munskankarna.org\/joensuu\/#website","url":"https:\/\/munskankarna.org\/joensuu\/","name":"Joensuun Munsk\u00e4nkarna","description":"Tutustu viinien maailmaan ja viinien yhdist\u00e4miseen ruoan kanssa","potentialAction":[{"@type":"SearchAction","target":{"@type":"EntryPoint","urlTemplate":"https:\/\/munskankarna.org\/joensuu\/?s={search_term_string}"},"query-input":{"@type":"PropertyValueSpecification","valueRequired":true,"valueName":"search_term_string"}}],"inLanguage":"fi"},{"@type":"Person","@id":"https:\/\/munskankarna.org\/joensuu\/#\/schema\/person\/d05fa63ba2d1d7001facb3007a8f6f1f","name":"sirpatiensuu","image":{"@type":"ImageObject","inLanguage":"fi","@id":"https:\/\/secure.gravatar.com\/avatar\/0b539a7123fc9dd8a2161d782489bff3566b0c258f72259f66b71968dcd1a3ca?s=96&d=mm&r=g","url":"https:\/\/secure.gravatar.com\/avatar\/0b539a7123fc9dd8a2161d782489bff3566b0c258f72259f66b71968dcd1a3ca?s=96&d=mm&r=g","contentUrl":"https:\/\/secure.gravatar.com\/avatar\/0b539a7123fc9dd8a2161d782489bff3566b0c258f72259f66b71968dcd1a3ca?s=96&d=mm&r=g","caption":"sirpatiensuu"},"url":"https:\/\/munskankarna.org\/joensuu\/author\/sirpatiensuu\/"}]}},"_links":{"self":[{"href":"https:\/\/munskankarna.org\/joensuu\/wp-json\/wp\/v2\/posts\/961","targetHints":{"allow":["GET"]}}],"collection":[{"href":"https:\/\/munskankarna.org\/joensuu\/wp-json\/wp\/v2\/posts"}],"about":[{"href":"https:\/\/munskankarna.org\/joensuu\/wp-json\/wp\/v2\/types\/post"}],"author":[{"embeddable":true,"href":"https:\/\/munskankarna.org\/joensuu\/wp-json\/wp\/v2\/users\/23"}],"replies":[{"embeddable":true,"href":"https:\/\/munskankarna.org\/joensuu\/wp-json\/wp\/v2\/comments?post=961"}],"version-history":[{"count":2,"href":"https:\/\/munskankarna.org\/joensuu\/wp-json\/wp\/v2\/posts\/961\/revisions"}],"predecessor-version":[{"id":966,"href":"https:\/\/munskankarna.org\/joensuu\/wp-json\/wp\/v2\/posts\/961\/revisions\/966"}],"wp:featuredmedia":[{"embeddable":true,"href":"https:\/\/munskankarna.org\/joensuu\/wp-json\/wp\/v2\/media\/963"}],"wp:attachment":[{"href":"https:\/\/munskankarna.org\/joensuu\/wp-json\/wp\/v2\/media?parent=961"}],"wp:term":[{"taxonomy":"category","embeddable":true,"href":"https:\/\/munskankarna.org\/joensuu\/wp-json\/wp\/v2\/categories?post=961"},{"taxonomy":"post_tag","embeddable":true,"href":"https:\/\/munskankarna.org\/joensuu\/wp-json\/wp\/v2\/tags?post=961"}],"curies":[{"name":"wp","href":"https:\/\/api.w.org\/{rel}","templated":true}]}}